{"id":546,"date":"2024-08-02T11:27:24","date_gmt":"2024-08-02T09:27:24","guid":{"rendered":"https:\/\/www.ancgg.org\/ad08\/?p=546"},"modified":"2024-08-02T16:28:22","modified_gmt":"2024-08-02T14:28:22","slug":"formation-au-tir-a-moyenne-distance-200m-le-samedi-31-aout","status":"publish","type":"post","link":"https:\/\/www.ancgg.org\/ad08\/formation-au-tir-a-moyenne-distance-200m-le-samedi-31-aout\/","title":{"rendered":"Formation au tir \u00e0 moyenne distance le samedi 31 ao\u00fbt"},"content":{"rendered":"<p><strong>L&rsquo;AACGG met en place une formation au tir \u00e0 moyenne distance (200 m) sur le stand de VOUZIERS le samedi 31 ao\u00fbt entre 09H et 16H. Co\u00fbt : 25\u20ac<\/strong><\/p>\n<table>\n<tbody>\n<tr>\n<td width=\"324\">\n<table>\n<tbody>\n<tr>\n<td width=\"324\">\n<table style=\"height: 209px;\" width=\"922\">\n<tbody>\n<tr>\n<td width=\"324\">Pour pouvoir participer, il est <strong>imp\u00e9ratif\u00a0:<\/strong><\/p>\n<ul>\n<li>d&rsquo;\u00eatre \u00e0 jour de sa cotisation AACGG 2024,<\/li>\n<li>de s&rsquo;inscrire par mail \u00e0 <a href=\"mailto:cgg.ad08@gmail.com\">cgg.ad08@gmail.com<\/a><\/li>\n<li>de r\u00e9gler les frais de participation (montants indiqu\u00e9s ci-dessous) par ch\u00e8que ou par virement bancaire<\/li>\n<\/ul>\n<p>Inscription et r\u00e8glement obligatoires avant le <strong>20 Ao\u00fbt 2024<\/strong><\/td>\n<\/tr>\n<\/tbody>\n<\/table>\n<\/td>\n<\/tr>\n<\/tbody>\n<\/table>\n<\/td>\n<\/tr>\n<\/tbody>\n<\/table>\n<table>\n<tbody>\n<tr>\n<td width=\"324\">\n<table>\n<tbody>\n<tr>\n<td width=\"324\">\n<table style=\"height: 368px;\" width=\"934\">\n<tbody>\n<tr>\n<td width=\"324\"><em><u>Renseignements \u00e0 fournir lors de l&rsquo;inscription<\/u><\/em> :<\/p>\n<ul>\n<li>Nom<\/li>\n<li>Pr\u00e9nom<\/li>\n<li>Date de naissance<\/li>\n<li>Adresse postale compl\u00e8te<\/li>\n<li>N\u00b0 de portable (\u00e0 d\u00e9faut, N\u00b0 de fixe)<\/li>\n<li>Adresse mail<\/li>\n<\/ul>\n<p><em><u>Modes de r\u00e8glement<\/u><\/em> :<\/p>\n<p>\u00b7\u00a0\u00a0\u00a0\u00a0\u00a0\u00a0 Par ch\u00e8que \u00e0 envoyer \u00e0 <strong>Isabelle DELAFAITE &#8211; 4 Rue des Boulettes &#8211; 08230 BOURG-FIDELE<\/strong><\/p>\n<p>\u00b7\u00a0\u00a0\u00a0\u00a0\u00a0\u00a0 Par virement sur le compte de l&rsquo;AACGG\u00a0en pr\u00e9cisant bien vos nom et pr\u00e9nom dans le libell\u00e9 du virement<strong> \u00a0<\/strong><\/p>\n<p><strong>\u00a0 \u00a0 \u00a0 \u00a0 IBAN : FR76 1027 8088 5400 0218 5860 225 <\/strong><\/td>\n<\/tr>\n<\/tbody>\n<\/table>\n<\/td>\n<\/tr>\n<\/tbody>\n<\/table>\n<\/td>\n<\/tr>\n<\/tbody>\n<\/table>\n<p>&nbsp;<\/p>\n<p>L&rsquo;adresse du stand de tir et les consignes \u00e0 respecter seront communiqu\u00e9es aux participants inscrits.<br \/>\nLe nombre de participants est limit\u00e9 \u00e0 8 tireurs par s\u00e9ance&#8230; ne tardez pas \u00e0 vous inscrire !<\/p>\n<p><strong>Renseignements au 06.41.17.95.33 ou au 06.16.11.30.87<\/strong><\/p>\n<p>&nbsp;<\/p>\n","protected":false},"excerpt":{"rendered":"<p>L&rsquo;AACGG met en place une formation au tir \u00e0 moyenne distance (200 m) sur le stand de VOUZIERS le samedi 31 ao\u00fbt entre 09H et 16H. Co\u00fbt : 25\u20ac Pour pouvoir participer, il est imp\u00e9ratif\u00a0: d&rsquo;\u00eatre \u00e0 jour de sa cotisation AACGG 2024, de s&rsquo;inscrire par mail \u00e0 cgg.ad08@gmail.com de r\u00e9gler les frais de participation [&hellip;]<\/p>\n","protected":false},"author":768,"featured_media":0,"comment_status":"closed","ping_status":"closed","sticky":false,"template":"","format":"standard","meta":{"_acf_changed":false,"footnotes":""},"categories":[18],"class_list":["post-546","post","type-post","status-publish","format-standard","hentry","category-formations"],"acf":[],"yoast_head":"<!-- This site is optimized with the Yoast SEO plugin v27.5 - https:\/\/yoast.com\/product\/yoast-seo-wordpress\/ -->\n<title>Formation au tir \u00e0 moyenne distance le samedi 31 ao\u00fbt - Association Ardennaise des Chasseurs de Grand Gibier<\/title>\n<meta name=\"robots\" content=\"noindex, follow, max-snippet:-1, max-image-preview:large, max-video-preview:-1\" \/>\n<meta property=\"og:locale\" content=\"fr_FR\" \/>\n<meta property=\"og:type\" content=\"article\" \/>\n<meta property=\"og:title\" content=\"Formation au tir \u00e0 moyenne distance le samedi 31 ao\u00fbt - Association Ardennaise des Chasseurs de Grand Gibier\" \/>\n<meta property=\"og:description\" content=\"L&rsquo;AACGG met en place une formation au tir \u00e0 moyenne distance (200 m) sur le stand de VOUZIERS le samedi 31 ao\u00fbt entre 09H et 16H. Co\u00fbt : 25\u20ac Pour pouvoir participer, il est imp\u00e9ratif\u00a0: d&rsquo;\u00eatre \u00e0 jour de sa cotisation AACGG 2024, de s&rsquo;inscrire par mail \u00e0 cgg.ad08@gmail.com de r\u00e9gler les frais de participation [&hellip;]\" \/>\n<meta property=\"og:url\" content=\"https:\/\/www.ancgg.org\/ad08\/formation-au-tir-a-moyenne-distance-200m-le-samedi-31-aout\/\" \/>\n<meta property=\"og:site_name\" content=\"Association Ardennaise des Chasseurs de Grand Gibier\" \/>\n<meta property=\"article:published_time\" content=\"2024-08-02T09:27:24+00:00\" \/>\n<meta property=\"article:modified_time\" content=\"2024-08-02T14:28:22+00:00\" \/>\n<meta name=\"author\" content=\"Christian Vikor\" \/>\n<meta name=\"twitter:card\" content=\"summary_large_image\" \/>\n<meta name=\"twitter:label1\" content=\"\u00c9crit par\" \/>\n\t<meta name=\"twitter:data1\" content=\"Christian Vikor\" \/>\n\t<meta name=\"twitter:label2\" content=\"Dur\u00e9e de lecture estim\u00e9e\" \/>\n\t<meta name=\"twitter:data2\" content=\"1 minute\" \/>\n<script type=\"application\/ld+json\" class=\"yoast-schema-graph\">{\"@context\":\"https:\\\/\\\/schema.org\",\"@graph\":[{\"@type\":\"Article\",\"@id\":\"https:\\\/\\\/www.ancgg.org\\\/ad08\\\/formation-au-tir-a-moyenne-distance-200m-le-samedi-31-aout\\\/#article\",\"isPartOf\":{\"@id\":\"https:\\\/\\\/www.ancgg.org\\\/ad08\\\/formation-au-tir-a-moyenne-distance-200m-le-samedi-31-aout\\\/\"},\"author\":{\"name\":\"Christian Vikor\",\"@id\":\"https:\\\/\\\/www.ancgg.org\\\/ad08\\\/#\\\/schema\\\/person\\\/f04a05188d9c1c71a4c2f9b6d2371edf\"},\"headline\":\"Formation au tir \u00e0 moyenne distance le samedi 31 ao\u00fbt\",\"datePublished\":\"2024-08-02T09:27:24+00:00\",\"dateModified\":\"2024-08-02T14:28:22+00:00\",\"mainEntityOfPage\":{\"@id\":\"https:\\\/\\\/www.ancgg.org\\\/ad08\\\/formation-au-tir-a-moyenne-distance-200m-le-samedi-31-aout\\\/\"},\"wordCount\":189,\"articleSection\":[\"Actualit\u00e9s - Formation (tir ou for\u00eat-gibier)\"],\"inLanguage\":\"fr-FR\"},{\"@type\":\"WebPage\",\"@id\":\"https:\\\/\\\/www.ancgg.org\\\/ad08\\\/formation-au-tir-a-moyenne-distance-200m-le-samedi-31-aout\\\/\",\"url\":\"https:\\\/\\\/www.ancgg.org\\\/ad08\\\/formation-au-tir-a-moyenne-distance-200m-le-samedi-31-aout\\\/\",\"name\":\"Formation au tir \u00e0 moyenne distance le samedi 31 ao\u00fbt - Association Ardennaise des Chasseurs de Grand Gibier\",\"isPartOf\":{\"@id\":\"https:\\\/\\\/www.ancgg.org\\\/ad08\\\/#website\"},\"datePublished\":\"2024-08-02T09:27:24+00:00\",\"dateModified\":\"2024-08-02T14:28:22+00:00\",\"author\":{\"@id\":\"https:\\\/\\\/www.ancgg.org\\\/ad08\\\/#\\\/schema\\\/person\\\/f04a05188d9c1c71a4c2f9b6d2371edf\"},\"breadcrumb\":{\"@id\":\"https:\\\/\\\/www.ancgg.org\\\/ad08\\\/formation-au-tir-a-moyenne-distance-200m-le-samedi-31-aout\\\/#breadcrumb\"},\"inLanguage\":\"fr-FR\",\"potentialAction\":[{\"@type\":\"ReadAction\",\"target\":[\"https:\\\/\\\/www.ancgg.org\\\/ad08\\\/formation-au-tir-a-moyenne-distance-200m-le-samedi-31-aout\\\/\"]}]},{\"@type\":\"BreadcrumbList\",\"@id\":\"https:\\\/\\\/www.ancgg.org\\\/ad08\\\/formation-au-tir-a-moyenne-distance-200m-le-samedi-31-aout\\\/#breadcrumb\",\"itemListElement\":[{\"@type\":\"ListItem\",\"position\":1,\"name\":\"Accueil\",\"item\":\"https:\\\/\\\/www.ancgg.org\\\/ad08\\\/\"},{\"@type\":\"ListItem\",\"position\":2,\"name\":\"Actualit\u00e9s - Formation (tir ou for\u00eat-gibier)\",\"item\":\"https:\\\/\\\/www.ancgg.org\\\/ad08\\\/category\\\/formations\\\/\"},{\"@type\":\"ListItem\",\"position\":3,\"name\":\"Formation au tir \u00e0 moyenne distance le samedi 31 ao\u00fbt\"}]},{\"@type\":\"WebSite\",\"@id\":\"https:\\\/\\\/www.ancgg.org\\\/ad08\\\/#website\",\"url\":\"https:\\\/\\\/www.ancgg.org\\\/ad08\\\/\",\"name\":\"Association Ardennaise des Chasseurs de Grand Gibier\",\"description\":\"\",\"potentialAction\":[{\"@type\":\"SearchAction\",\"target\":{\"@type\":\"EntryPoint\",\"urlTemplate\":\"https:\\\/\\\/www.ancgg.org\\\/ad08\\\/?s={search_term_string}\"},\"query-input\":{\"@type\":\"PropertyValueSpecification\",\"valueRequired\":true,\"valueName\":\"search_term_string\"}}],\"inLanguage\":\"fr-FR\"},{\"@type\":\"Person\",\"@id\":\"https:\\\/\\\/www.ancgg.org\\\/ad08\\\/#\\\/schema\\\/person\\\/f04a05188d9c1c71a4c2f9b6d2371edf\",\"name\":\"Christian Vikor\",\"image\":{\"@type\":\"ImageObject\",\"inLanguage\":\"fr-FR\",\"@id\":\"https:\\\/\\\/secure.gravatar.com\\\/avatar\\\/6d7b2cfe7f01f6fe90c991777e06e478999dcc619932e77c3ce62c954bb78217?s=96&d=mm&r=g\",\"url\":\"https:\\\/\\\/secure.gravatar.com\\\/avatar\\\/6d7b2cfe7f01f6fe90c991777e06e478999dcc619932e77c3ce62c954bb78217?s=96&d=mm&r=g\",\"contentUrl\":\"https:\\\/\\\/secure.gravatar.com\\\/avatar\\\/6d7b2cfe7f01f6fe90c991777e06e478999dcc619932e77c3ce62c954bb78217?s=96&d=mm&r=g\",\"caption\":\"Christian Vikor\"},\"url\":\"https:\\\/\\\/www.ancgg.org\\\/ad08\\\/author\\\/christian-vikor\\\/\"}]}<\/script>\n<!-- \/ Yoast SEO plugin. -->","yoast_head_json":{"title":"Formation au tir \u00e0 moyenne distance le samedi 31 ao\u00fbt - Association Ardennaise des Chasseurs de Grand Gibier","robots":{"index":"noindex","follow":"follow","max-snippet":"max-snippet:-1","max-image-preview":"max-image-preview:large","max-video-preview":"max-video-preview:-1"},"og_locale":"fr_FR","og_type":"article","og_title":"Formation au tir \u00e0 moyenne distance le samedi 31 ao\u00fbt - Association Ardennaise des Chasseurs de Grand Gibier","og_description":"L&rsquo;AACGG met en place une formation au tir \u00e0 moyenne distance (200 m) sur le stand de VOUZIERS le samedi 31 ao\u00fbt entre 09H et 16H. Co\u00fbt : 25\u20ac Pour pouvoir participer, il est imp\u00e9ratif\u00a0: d&rsquo;\u00eatre \u00e0 jour de sa cotisation AACGG 2024, de s&rsquo;inscrire par mail \u00e0 cgg.ad08@gmail.com de r\u00e9gler les frais de participation [&hellip;]","og_url":"https:\/\/www.ancgg.org\/ad08\/formation-au-tir-a-moyenne-distance-200m-le-samedi-31-aout\/","og_site_name":"Association Ardennaise des Chasseurs de Grand Gibier","article_published_time":"2024-08-02T09:27:24+00:00","article_modified_time":"2024-08-02T14:28:22+00:00","author":"Christian Vikor","twitter_card":"summary_large_image","twitter_misc":{"\u00c9crit par":"Christian Vikor","Dur\u00e9e de lecture estim\u00e9e":"1 minute"},"schema":{"@context":"https:\/\/schema.org","@graph":[{"@type":"Article","@id":"https:\/\/www.ancgg.org\/ad08\/formation-au-tir-a-moyenne-distance-200m-le-samedi-31-aout\/#article","isPartOf":{"@id":"https:\/\/www.ancgg.org\/ad08\/formation-au-tir-a-moyenne-distance-200m-le-samedi-31-aout\/"},"author":{"name":"Christian Vikor","@id":"https:\/\/www.ancgg.org\/ad08\/#\/schema\/person\/f04a05188d9c1c71a4c2f9b6d2371edf"},"headline":"Formation au tir \u00e0 moyenne distance le samedi 31 ao\u00fbt","datePublished":"2024-08-02T09:27:24+00:00","dateModified":"2024-08-02T14:28:22+00:00","mainEntityOfPage":{"@id":"https:\/\/www.ancgg.org\/ad08\/formation-au-tir-a-moyenne-distance-200m-le-samedi-31-aout\/"},"wordCount":189,"articleSection":["Actualit\u00e9s - Formation (tir ou for\u00eat-gibier)"],"inLanguage":"fr-FR"},{"@type":"WebPage","@id":"https:\/\/www.ancgg.org\/ad08\/formation-au-tir-a-moyenne-distance-200m-le-samedi-31-aout\/","url":"https:\/\/www.ancgg.org\/ad08\/formation-au-tir-a-moyenne-distance-200m-le-samedi-31-aout\/","name":"Formation au tir \u00e0 moyenne distance le samedi 31 ao\u00fbt - Association Ardennaise des Chasseurs de Grand Gibier","isPartOf":{"@id":"https:\/\/www.ancgg.org\/ad08\/#website"},"datePublished":"2024-08-02T09:27:24+00:00","dateModified":"2024-08-02T14:28:22+00:00","author":{"@id":"https:\/\/www.ancgg.org\/ad08\/#\/schema\/person\/f04a05188d9c1c71a4c2f9b6d2371edf"},"breadcrumb":{"@id":"https:\/\/www.ancgg.org\/ad08\/formation-au-tir-a-moyenne-distance-200m-le-samedi-31-aout\/#breadcrumb"},"inLanguage":"fr-FR","potentialAction":[{"@type":"ReadAction","target":["https:\/\/www.ancgg.org\/ad08\/formation-au-tir-a-moyenne-distance-200m-le-samedi-31-aout\/"]}]},{"@type":"BreadcrumbList","@id":"https:\/\/www.ancgg.org\/ad08\/formation-au-tir-a-moyenne-distance-200m-le-samedi-31-aout\/#breadcrumb","itemListElement":[{"@type":"ListItem","position":1,"name":"Accueil","item":"https:\/\/www.ancgg.org\/ad08\/"},{"@type":"ListItem","position":2,"name":"Actualit\u00e9s - Formation (tir ou for\u00eat-gibier)","item":"https:\/\/www.ancgg.org\/ad08\/category\/formations\/"},{"@type":"ListItem","position":3,"name":"Formation au tir \u00e0 moyenne distance le samedi 31 ao\u00fbt"}]},{"@type":"WebSite","@id":"https:\/\/www.ancgg.org\/ad08\/#website","url":"https:\/\/www.ancgg.org\/ad08\/","name":"Association Ardennaise des Chasseurs de Grand Gibier","description":"","potentialAction":[{"@type":"SearchAction","target":{"@type":"EntryPoint","urlTemplate":"https:\/\/www.ancgg.org\/ad08\/?s={search_term_string}"},"query-input":{"@type":"PropertyValueSpecification","valueRequired":true,"valueName":"search_term_string"}}],"inLanguage":"fr-FR"},{"@type":"Person","@id":"https:\/\/www.ancgg.org\/ad08\/#\/schema\/person\/f04a05188d9c1c71a4c2f9b6d2371edf","name":"Christian Vikor","image":{"@type":"ImageObject","inLanguage":"fr-FR","@id":"https:\/\/secure.gravatar.com\/avatar\/6d7b2cfe7f01f6fe90c991777e06e478999dcc619932e77c3ce62c954bb78217?s=96&d=mm&r=g","url":"https:\/\/secure.gravatar.com\/avatar\/6d7b2cfe7f01f6fe90c991777e06e478999dcc619932e77c3ce62c954bb78217?s=96&d=mm&r=g","contentUrl":"https:\/\/secure.gravatar.com\/avatar\/6d7b2cfe7f01f6fe90c991777e06e478999dcc619932e77c3ce62c954bb78217?s=96&d=mm&r=g","caption":"Christian Vikor"},"url":"https:\/\/www.ancgg.org\/ad08\/author\/christian-vikor\/"}]}},"_links":{"self":[{"href":"https:\/\/www.ancgg.org\/ad08\/wp-json\/wp\/v2\/posts\/546","targetHints":{"allow":["GET"]}}],"collection":[{"href":"https:\/\/www.ancgg.org\/ad08\/wp-json\/wp\/v2\/posts"}],"about":[{"href":"https:\/\/www.ancgg.org\/ad08\/wp-json\/wp\/v2\/types\/post"}],"author":[{"embeddable":true,"href":"https:\/\/www.ancgg.org\/ad08\/wp-json\/wp\/v2\/users\/768"}],"replies":[{"embeddable":true,"href":"https:\/\/www.ancgg.org\/ad08\/wp-json\/wp\/v2\/comments?post=546"}],"version-history":[{"count":5,"href":"https:\/\/www.ancgg.org\/ad08\/wp-json\/wp\/v2\/posts\/546\/revisions"}],"predecessor-version":[{"id":557,"href":"https:\/\/www.ancgg.org\/ad08\/wp-json\/wp\/v2\/posts\/546\/revisions\/557"}],"wp:attachment":[{"href":"https:\/\/www.ancgg.org\/ad08\/wp-json\/wp\/v2\/media?parent=546"}],"wp:term":[{"taxonomy":"category","embeddable":true,"href":"https:\/\/www.ancgg.org\/ad08\/wp-json\/wp\/v2\/categories?post=546"}],"curies":[{"name":"wp","href":"https:\/\/api.w.org\/{rel}","templated":true}]}}