{"id":782,"date":"2023-07-01T17:00:37","date_gmt":"2023-07-01T15:00:37","guid":{"rendered":"https:\/\/www.ancgg.org\/ad30\/?p=782"},"modified":"2023-07-01T17:00:37","modified_gmt":"2023-07-01T15:00:37","slug":"le-comptage-mouflon-du-18-mars-2023","status":"publish","type":"post","link":"https:\/\/www.ancgg.org\/ad30\/le-comptage-mouflon-du-18-mars-2023\/","title":{"rendered":"Le comptage mouflon du 18 mars 2023"},"content":{"rendered":"<p><img loading=\"lazy\" decoding=\"async\" src=\"https:\/\/www.ancgg.org\/ad30\/wp-content\/uploads\/sites\/35\/2023\/02\/MOUFLON-BLANC-600x401.jpg\" alt=\"\" width=\"600\" height=\"401\" class=\"alignnone size-medium wp-image-734\" srcset=\"https:\/\/www.ancgg.org\/ad30\/wp-content\/uploads\/sites\/35\/2023\/02\/MOUFLON-BLANC-600x401.jpg 600w, https:\/\/www.ancgg.org\/ad30\/wp-content\/uploads\/sites\/35\/2023\/02\/MOUFLON-BLANC-768x514.jpg 768w, https:\/\/www.ancgg.org\/ad30\/wp-content\/uploads\/sites\/35\/2023\/02\/MOUFLON-BLANC-150x100.jpg 150w, https:\/\/www.ancgg.org\/ad30\/wp-content\/uploads\/sites\/35\/2023\/02\/MOUFLON-BLANC-75x50.jpg 75w, https:\/\/www.ancgg.org\/ad30\/wp-content\/uploads\/sites\/35\/2023\/02\/MOUFLON-BLANC-24x16.jpg 24w, https:\/\/www.ancgg.org\/ad30\/wp-content\/uploads\/sites\/35\/2023\/02\/MOUFLON-BLANC-36x24.jpg 36w, https:\/\/www.ancgg.org\/ad30\/wp-content\/uploads\/sites\/35\/2023\/02\/MOUFLON-BLANC-48x32.jpg 48w, https:\/\/www.ancgg.org\/ad30\/wp-content\/uploads\/sites\/35\/2023\/02\/MOUFLON-BLANC.jpg 1024w\" sizes=\"auto, (max-width: 600px) 100vw, 600px\" \/><\/p>\n<p>Le 18 mars a eu lieu \u00e0 Valleraugue le comptage mouflon. L&rsquo;association a particip\u00e9 a cette manifestation organis\u00e9e par la FDC30, et il faut le noter en l&rsquo;absence de l&rsquo;OFB qui n&rsquo;\u00e9tait pas repr\u00e9sent\u00e9e.<br \/>\nApr\u00e8s l&rsquo;attribution des postes d&rsquo;observation pour la matin\u00e9e, chacun se rendit sur les lieux de comptage.<br \/>\nLa matin\u00e9e b\u00e9n\u00e9ficia d&rsquo;un temps sec et ensoleill\u00e9 mais particuli\u00e8rement froid \u00e0 l&rsquo;ombre. Les animaux furent tr\u00e8s discrets, se d\u00e9pla\u00e7ant peu tant que le soleil ne r\u00e9chauffa pas la matin\u00e9e. Heureusement plusieurs d&rsquo;entre nous \u00e9taient \u00e9quip\u00e9s de thermiques ce qui permis de comptabilis\u00e9 de fa\u00e7on plus pr\u00e9cise les animaux aper\u00e7u. A la fin de cette premi\u00e8re journ\u00e9e de comptage le nombre d&rsquo;animaux observ\u00e9 \u00e9tait en hausse par rapport \u00e0 l&rsquo;ann\u00e9e ant\u00e9rieure.<\/p>\n<p><img loading=\"lazy\" decoding=\"async\" src=\"https:\/\/www.ancgg.org\/ad30\/wp-content\/uploads\/sites\/35\/2023\/02\/DSC_0053a-600x401.jpg\" alt=\"\" width=\"600\" height=\"401\" class=\"alignnone size-medium wp-image-731\" srcset=\"https:\/\/www.ancgg.org\/ad30\/wp-content\/uploads\/sites\/35\/2023\/02\/DSC_0053a-600x401.jpg 600w, https:\/\/www.ancgg.org\/ad30\/wp-content\/uploads\/sites\/35\/2023\/02\/DSC_0053a-768x514.jpg 768w, https:\/\/www.ancgg.org\/ad30\/wp-content\/uploads\/sites\/35\/2023\/02\/DSC_0053a-150x100.jpg 150w, https:\/\/www.ancgg.org\/ad30\/wp-content\/uploads\/sites\/35\/2023\/02\/DSC_0053a-75x50.jpg 75w, https:\/\/www.ancgg.org\/ad30\/wp-content\/uploads\/sites\/35\/2023\/02\/DSC_0053a-24x16.jpg 24w, https:\/\/www.ancgg.org\/ad30\/wp-content\/uploads\/sites\/35\/2023\/02\/DSC_0053a-36x24.jpg 36w, https:\/\/www.ancgg.org\/ad30\/wp-content\/uploads\/sites\/35\/2023\/02\/DSC_0053a-48x32.jpg 48w, https:\/\/www.ancgg.org\/ad30\/wp-content\/uploads\/sites\/35\/2023\/02\/DSC_0053a.jpg 1024w\" sizes=\"auto, (max-width: 600px) 100vw, 600px\" \/><\/p>\n<p>Les comptages suivants, r\u00e9alis\u00e9s exclusivement par la FDC30, se firent dans des conditions climatiques difficiles: beaucoup d&rsquo;orages. Mais au final le plan de chasse pour la saison 2023\/2024 est stable voir en l\u00e9g\u00e8re augmentation et il comprend environ 45 pr\u00e9l\u00e8vements potentiels. Notons qu&rsquo;\u00e0 ce jour aucun impact du loup n&rsquo;est signal\u00e9 dans ce secteur et sur cette esp\u00e8ce&#8230;<\/p>\n","protected":false},"excerpt":{"rendered":"<p>Le 18 mars a eu lieu \u00e0 Valleraugue le comptage mouflon. L&rsquo;association a particip\u00e9 a cette manifestation organis\u00e9e par la FDC30, et il faut le noter en l&rsquo;absence de l&rsquo;OFB qui n&rsquo;\u00e9tait pas repr\u00e9sent\u00e9e. Apr\u00e8s l&rsquo;attribution des postes d&rsquo;observation pour la matin\u00e9e, chacun se rendit sur les lieux de comptage. La matin\u00e9e b\u00e9n\u00e9ficia d&rsquo;un temps [&hellip;]<\/p>\n","protected":false},"author":100,"featured_media":0,"comment_status":"closed","ping_status":"closed","sticky":false,"template":"","format":"standard","meta":{"_acf_changed":false,"footnotes":""},"categories":[20],"class_list":["post-782","post","type-post","status-publish","format-standard","hentry","category-sorties-nature"],"acf":[],"yoast_head":"<!-- This site is optimized with the Yoast SEO plugin v27.5 - https:\/\/yoast.com\/product\/yoast-seo-wordpress\/ -->\n<title>Le comptage mouflon du 18 mars 2023 - Association des Chasseurs de Grand Gibier du Gard<\/title>\n<meta name=\"robots\" content=\"index, follow, max-snippet:-1, max-image-preview:large, max-video-preview:-1\" \/>\n<link rel=\"canonical\" href=\"https:\/\/www.ancgg.org\/ad30\/le-comptage-mouflon-du-18-mars-2023\/\" \/>\n<meta property=\"og:locale\" content=\"fr_FR\" \/>\n<meta property=\"og:type\" content=\"article\" \/>\n<meta property=\"og:title\" content=\"Le comptage mouflon du 18 mars 2023 - Association des Chasseurs de Grand Gibier du Gard\" \/>\n<meta property=\"og:description\" content=\"Le 18 mars a eu lieu \u00e0 Valleraugue le comptage mouflon. L&rsquo;association a particip\u00e9 a cette manifestation organis\u00e9e par la FDC30, et il faut le noter en l&rsquo;absence de l&rsquo;OFB qui n&rsquo;\u00e9tait pas repr\u00e9sent\u00e9e. Apr\u00e8s l&rsquo;attribution des postes d&rsquo;observation pour la matin\u00e9e, chacun se rendit sur les lieux de comptage. La matin\u00e9e b\u00e9n\u00e9ficia d&rsquo;un temps [&hellip;]\" \/>\n<meta property=\"og:url\" content=\"https:\/\/www.ancgg.org\/ad30\/le-comptage-mouflon-du-18-mars-2023\/\" \/>\n<meta property=\"og:site_name\" content=\"Association des Chasseurs de Grand Gibier du Gard\" \/>\n<meta property=\"article:published_time\" content=\"2023-07-01T15:00:37+00:00\" \/>\n<meta property=\"og:image\" content=\"https:\/\/www.ancgg.org\/ad30\/wp-content\/uploads\/sites\/35\/2023\/02\/MOUFLON-BLANC-600x401.jpg\" \/>\n<meta name=\"author\" content=\"jeanlouisvaille\" \/>\n<meta name=\"twitter:card\" content=\"summary_large_image\" \/>\n<meta name=\"twitter:label1\" content=\"\u00c9crit par\" \/>\n\t<meta name=\"twitter:data1\" content=\"jeanlouisvaille\" \/>\n<script type=\"application\/ld+json\" class=\"yoast-schema-graph\">{\"@context\":\"https:\\\/\\\/schema.org\",\"@graph\":[{\"@type\":\"Article\",\"@id\":\"https:\\\/\\\/www.ancgg.org\\\/ad30\\\/le-comptage-mouflon-du-18-mars-2023\\\/#article\",\"isPartOf\":{\"@id\":\"https:\\\/\\\/www.ancgg.org\\\/ad30\\\/le-comptage-mouflon-du-18-mars-2023\\\/\"},\"author\":{\"name\":\"jeanlouisvaille\",\"@id\":\"https:\\\/\\\/www.ancgg.org\\\/ad30\\\/#\\\/schema\\\/person\\\/2af7234cb4a0c0c7534b6c2854c040c4\"},\"headline\":\"Le comptage mouflon du 18 mars 2023\",\"datePublished\":\"2023-07-01T15:00:37+00:00\",\"mainEntityOfPage\":{\"@id\":\"https:\\\/\\\/www.ancgg.org\\\/ad30\\\/le-comptage-mouflon-du-18-mars-2023\\\/\"},\"wordCount\":220,\"image\":{\"@id\":\"https:\\\/\\\/www.ancgg.org\\\/ad30\\\/le-comptage-mouflon-du-18-mars-2023\\\/#primaryimage\"},\"thumbnailUrl\":\"https:\\\/\\\/www.ancgg.org\\\/ad30\\\/wp-content\\\/uploads\\\/sites\\\/35\\\/2023\\\/02\\\/MOUFLON-BLANC-600x401.jpg\",\"articleSection\":[\"Actualit\u00e9s - Sortie nature\"],\"inLanguage\":\"fr-FR\"},{\"@type\":\"WebPage\",\"@id\":\"https:\\\/\\\/www.ancgg.org\\\/ad30\\\/le-comptage-mouflon-du-18-mars-2023\\\/\",\"url\":\"https:\\\/\\\/www.ancgg.org\\\/ad30\\\/le-comptage-mouflon-du-18-mars-2023\\\/\",\"name\":\"Le comptage mouflon du 18 mars 2023 - Association des Chasseurs de Grand Gibier du Gard\",\"isPartOf\":{\"@id\":\"https:\\\/\\\/www.ancgg.org\\\/ad30\\\/#website\"},\"primaryImageOfPage\":{\"@id\":\"https:\\\/\\\/www.ancgg.org\\\/ad30\\\/le-comptage-mouflon-du-18-mars-2023\\\/#primaryimage\"},\"image\":{\"@id\":\"https:\\\/\\\/www.ancgg.org\\\/ad30\\\/le-comptage-mouflon-du-18-mars-2023\\\/#primaryimage\"},\"thumbnailUrl\":\"https:\\\/\\\/www.ancgg.org\\\/ad30\\\/wp-content\\\/uploads\\\/sites\\\/35\\\/2023\\\/02\\\/MOUFLON-BLANC-600x401.jpg\",\"datePublished\":\"2023-07-01T15:00:37+00:00\",\"author\":{\"@id\":\"https:\\\/\\\/www.ancgg.org\\\/ad30\\\/#\\\/schema\\\/person\\\/2af7234cb4a0c0c7534b6c2854c040c4\"},\"breadcrumb\":{\"@id\":\"https:\\\/\\\/www.ancgg.org\\\/ad30\\\/le-comptage-mouflon-du-18-mars-2023\\\/#breadcrumb\"},\"inLanguage\":\"fr-FR\",\"potentialAction\":[{\"@type\":\"ReadAction\",\"target\":[\"https:\\\/\\\/www.ancgg.org\\\/ad30\\\/le-comptage-mouflon-du-18-mars-2023\\\/\"]}]},{\"@type\":\"ImageObject\",\"inLanguage\":\"fr-FR\",\"@id\":\"https:\\\/\\\/www.ancgg.org\\\/ad30\\\/le-comptage-mouflon-du-18-mars-2023\\\/#primaryimage\",\"url\":\"https:\\\/\\\/www.ancgg.org\\\/ad30\\\/wp-content\\\/uploads\\\/sites\\\/35\\\/2023\\\/02\\\/MOUFLON-BLANC.jpg\",\"contentUrl\":\"https:\\\/\\\/www.ancgg.org\\\/ad30\\\/wp-content\\\/uploads\\\/sites\\\/35\\\/2023\\\/02\\\/MOUFLON-BLANC.jpg\",\"width\":1024,\"height\":685},{\"@type\":\"BreadcrumbList\",\"@id\":\"https:\\\/\\\/www.ancgg.org\\\/ad30\\\/le-comptage-mouflon-du-18-mars-2023\\\/#breadcrumb\",\"itemListElement\":[{\"@type\":\"ListItem\",\"position\":1,\"name\":\"Accueil\",\"item\":\"https:\\\/\\\/www.ancgg.org\\\/ad30\\\/\"},{\"@type\":\"ListItem\",\"position\":2,\"name\":\"Sorties nature\",\"item\":\"https:\\\/\\\/www.ancgg.org\\\/ad30\\\/category\\\/sorties-nature\\\/\"},{\"@type\":\"ListItem\",\"position\":3,\"name\":\"Le comptage mouflon du 18 mars 2023\"}]},{\"@type\":\"WebSite\",\"@id\":\"https:\\\/\\\/www.ancgg.org\\\/ad30\\\/#website\",\"url\":\"https:\\\/\\\/www.ancgg.org\\\/ad30\\\/\",\"name\":\"Association des Chasseurs de Grand Gibier du Gard\",\"description\":\"\",\"potentialAction\":[{\"@type\":\"SearchAction\",\"target\":{\"@type\":\"EntryPoint\",\"urlTemplate\":\"https:\\\/\\\/www.ancgg.org\\\/ad30\\\/?s={search_term_string}\"},\"query-input\":{\"@type\":\"PropertyValueSpecification\",\"valueRequired\":true,\"valueName\":\"search_term_string\"}}],\"inLanguage\":\"fr-FR\"},{\"@type\":\"Person\",\"@id\":\"https:\\\/\\\/www.ancgg.org\\\/ad30\\\/#\\\/schema\\\/person\\\/2af7234cb4a0c0c7534b6c2854c040c4\",\"name\":\"jeanlouisvaille\",\"image\":{\"@type\":\"ImageObject\",\"inLanguage\":\"fr-FR\",\"@id\":\"https:\\\/\\\/secure.gravatar.com\\\/avatar\\\/3c5b8f063fea5b9e36ac9438a8a9f557262d31949b564538f728cbfdb855d07c?s=96&d=mm&r=g\",\"url\":\"https:\\\/\\\/secure.gravatar.com\\\/avatar\\\/3c5b8f063fea5b9e36ac9438a8a9f557262d31949b564538f728cbfdb855d07c?s=96&d=mm&r=g\",\"contentUrl\":\"https:\\\/\\\/secure.gravatar.com\\\/avatar\\\/3c5b8f063fea5b9e36ac9438a8a9f557262d31949b564538f728cbfdb855d07c?s=96&d=mm&r=g\",\"caption\":\"jeanlouisvaille\"},\"url\":\"https:\\\/\\\/www.ancgg.org\\\/ad30\\\/author\\\/jeanlouisvaille\\\/\"}]}<\/script>\n<!-- \/ Yoast SEO plugin. -->","yoast_head_json":{"title":"Le comptage mouflon du 18 mars 2023 - Association des Chasseurs de Grand Gibier du Gard","robots":{"index":"index","follow":"follow","max-snippet":"max-snippet:-1","max-image-preview":"max-image-preview:large","max-video-preview":"max-video-preview:-1"},"canonical":"https:\/\/www.ancgg.org\/ad30\/le-comptage-mouflon-du-18-mars-2023\/","og_locale":"fr_FR","og_type":"article","og_title":"Le comptage mouflon du 18 mars 2023 - Association des Chasseurs de Grand Gibier du Gard","og_description":"Le 18 mars a eu lieu \u00e0 Valleraugue le comptage mouflon. L&rsquo;association a particip\u00e9 a cette manifestation organis\u00e9e par la FDC30, et il faut le noter en l&rsquo;absence de l&rsquo;OFB qui n&rsquo;\u00e9tait pas repr\u00e9sent\u00e9e. Apr\u00e8s l&rsquo;attribution des postes d&rsquo;observation pour la matin\u00e9e, chacun se rendit sur les lieux de comptage. La matin\u00e9e b\u00e9n\u00e9ficia d&rsquo;un temps [&hellip;]","og_url":"https:\/\/www.ancgg.org\/ad30\/le-comptage-mouflon-du-18-mars-2023\/","og_site_name":"Association des Chasseurs de Grand Gibier du Gard","article_published_time":"2023-07-01T15:00:37+00:00","og_image":[{"url":"https:\/\/www.ancgg.org\/ad30\/wp-content\/uploads\/sites\/35\/2023\/02\/MOUFLON-BLANC-600x401.jpg","type":"","width":"","height":""}],"author":"jeanlouisvaille","twitter_card":"summary_large_image","twitter_misc":{"\u00c9crit par":"jeanlouisvaille"},"schema":{"@context":"https:\/\/schema.org","@graph":[{"@type":"Article","@id":"https:\/\/www.ancgg.org\/ad30\/le-comptage-mouflon-du-18-mars-2023\/#article","isPartOf":{"@id":"https:\/\/www.ancgg.org\/ad30\/le-comptage-mouflon-du-18-mars-2023\/"},"author":{"name":"jeanlouisvaille","@id":"https:\/\/www.ancgg.org\/ad30\/#\/schema\/person\/2af7234cb4a0c0c7534b6c2854c040c4"},"headline":"Le comptage mouflon du 18 mars 2023","datePublished":"2023-07-01T15:00:37+00:00","mainEntityOfPage":{"@id":"https:\/\/www.ancgg.org\/ad30\/le-comptage-mouflon-du-18-mars-2023\/"},"wordCount":220,"image":{"@id":"https:\/\/www.ancgg.org\/ad30\/le-comptage-mouflon-du-18-mars-2023\/#primaryimage"},"thumbnailUrl":"https:\/\/www.ancgg.org\/ad30\/wp-content\/uploads\/sites\/35\/2023\/02\/MOUFLON-BLANC-600x401.jpg","articleSection":["Actualit\u00e9s - Sortie nature"],"inLanguage":"fr-FR"},{"@type":"WebPage","@id":"https:\/\/www.ancgg.org\/ad30\/le-comptage-mouflon-du-18-mars-2023\/","url":"https:\/\/www.ancgg.org\/ad30\/le-comptage-mouflon-du-18-mars-2023\/","name":"Le comptage mouflon du 18 mars 2023 - Association des Chasseurs de Grand Gibier du Gard","isPartOf":{"@id":"https:\/\/www.ancgg.org\/ad30\/#website"},"primaryImageOfPage":{"@id":"https:\/\/www.ancgg.org\/ad30\/le-comptage-mouflon-du-18-mars-2023\/#primaryimage"},"image":{"@id":"https:\/\/www.ancgg.org\/ad30\/le-comptage-mouflon-du-18-mars-2023\/#primaryimage"},"thumbnailUrl":"https:\/\/www.ancgg.org\/ad30\/wp-content\/uploads\/sites\/35\/2023\/02\/MOUFLON-BLANC-600x401.jpg","datePublished":"2023-07-01T15:00:37+00:00","author":{"@id":"https:\/\/www.ancgg.org\/ad30\/#\/schema\/person\/2af7234cb4a0c0c7534b6c2854c040c4"},"breadcrumb":{"@id":"https:\/\/www.ancgg.org\/ad30\/le-comptage-mouflon-du-18-mars-2023\/#breadcrumb"},"inLanguage":"fr-FR","potentialAction":[{"@type":"ReadAction","target":["https:\/\/www.ancgg.org\/ad30\/le-comptage-mouflon-du-18-mars-2023\/"]}]},{"@type":"ImageObject","inLanguage":"fr-FR","@id":"https:\/\/www.ancgg.org\/ad30\/le-comptage-mouflon-du-18-mars-2023\/#primaryimage","url":"https:\/\/www.ancgg.org\/ad30\/wp-content\/uploads\/sites\/35\/2023\/02\/MOUFLON-BLANC.jpg","contentUrl":"https:\/\/www.ancgg.org\/ad30\/wp-content\/uploads\/sites\/35\/2023\/02\/MOUFLON-BLANC.jpg","width":1024,"height":685},{"@type":"BreadcrumbList","@id":"https:\/\/www.ancgg.org\/ad30\/le-comptage-mouflon-du-18-mars-2023\/#breadcrumb","itemListElement":[{"@type":"ListItem","position":1,"name":"Accueil","item":"https:\/\/www.ancgg.org\/ad30\/"},{"@type":"ListItem","position":2,"name":"Sorties nature","item":"https:\/\/www.ancgg.org\/ad30\/category\/sorties-nature\/"},{"@type":"ListItem","position":3,"name":"Le comptage mouflon du 18 mars 2023"}]},{"@type":"WebSite","@id":"https:\/\/www.ancgg.org\/ad30\/#website","url":"https:\/\/www.ancgg.org\/ad30\/","name":"Association des Chasseurs de Grand Gibier du Gard","description":"","potentialAction":[{"@type":"SearchAction","target":{"@type":"EntryPoint","urlTemplate":"https:\/\/www.ancgg.org\/ad30\/?s={search_term_string}"},"query-input":{"@type":"PropertyValueSpecification","valueRequired":true,"valueName":"search_term_string"}}],"inLanguage":"fr-FR"},{"@type":"Person","@id":"https:\/\/www.ancgg.org\/ad30\/#\/schema\/person\/2af7234cb4a0c0c7534b6c2854c040c4","name":"jeanlouisvaille","image":{"@type":"ImageObject","inLanguage":"fr-FR","@id":"https:\/\/secure.gravatar.com\/avatar\/3c5b8f063fea5b9e36ac9438a8a9f557262d31949b564538f728cbfdb855d07c?s=96&d=mm&r=g","url":"https:\/\/secure.gravatar.com\/avatar\/3c5b8f063fea5b9e36ac9438a8a9f557262d31949b564538f728cbfdb855d07c?s=96&d=mm&r=g","contentUrl":"https:\/\/secure.gravatar.com\/avatar\/3c5b8f063fea5b9e36ac9438a8a9f557262d31949b564538f728cbfdb855d07c?s=96&d=mm&r=g","caption":"jeanlouisvaille"},"url":"https:\/\/www.ancgg.org\/ad30\/author\/jeanlouisvaille\/"}]}},"_links":{"self":[{"href":"https:\/\/www.ancgg.org\/ad30\/wp-json\/wp\/v2\/posts\/782","targetHints":{"allow":["GET"]}}],"collection":[{"href":"https:\/\/www.ancgg.org\/ad30\/wp-json\/wp\/v2\/posts"}],"about":[{"href":"https:\/\/www.ancgg.org\/ad30\/wp-json\/wp\/v2\/types\/post"}],"author":[{"embeddable":true,"href":"https:\/\/www.ancgg.org\/ad30\/wp-json\/wp\/v2\/users\/100"}],"replies":[{"embeddable":true,"href":"https:\/\/www.ancgg.org\/ad30\/wp-json\/wp\/v2\/comments?post=782"}],"version-history":[{"count":2,"href":"https:\/\/www.ancgg.org\/ad30\/wp-json\/wp\/v2\/posts\/782\/revisions"}],"predecessor-version":[{"id":784,"href":"https:\/\/www.ancgg.org\/ad30\/wp-json\/wp\/v2\/posts\/782\/revisions\/784"}],"wp:attachment":[{"href":"https:\/\/www.ancgg.org\/ad30\/wp-json\/wp\/v2\/media?parent=782"}],"wp:term":[{"taxonomy":"category","embeddable":true,"href":"https:\/\/www.ancgg.org\/ad30\/wp-json\/wp\/v2\/categories?post=782"}],"curies":[{"name":"wp","href":"https:\/\/api.w.org\/{rel}","templated":true}]}}